[{"@context":"https:\/\/schema.org\/","@type":"Article","@id":"https:\/\/www.lienkalenka.sk\/zabudnuta-vojna-zabudnute-obete-orava-a-spis\/#Article","mainEntityOfPage":"https:\/\/www.lienkalenka.sk\/zabudnuta-vojna-zabudnute-obete-orava-a-spis\/","headline":"Zabudnut\u00e1 vojna, zabudnut\u00e9 obete \u2013 Orava a Spi\u0161","name":"Zabudnut\u00e1 vojna, zabudnut\u00e9 obete \u2013 Orava a Spi\u0161","description":"Slovami M.V. Lomonosova: ,,N\u00e1rod, ktor\u00fd nepozn\u00e1 svoju minulos\u0165, nem\u00e1 bud\u00facnos\u0165.\u201c\u2013 \ud83d\ude09 S rozpadom \u010ceskoslovenska v roku 1938 sa n\u00e1m sp\u00e1ja Edvard Bene\u0161, ktor\u00fd spolu s vtedaj\u0161ou vl\u00e1dou prist\u00fapil na odovzdanie \u010dasti \u010ciech, Moravy a Sliezska Hitlerovej Nemeckej r\u00ed\u0161i. Pomenej sa u\u017e vie, \u017ee kr\u00e1tko na to prist\u00fapil spolu s vl\u00e1dou i na ultim\u00e1tum Po\u013eska, ktor\u00e9...<p class=\"more-link-wrap\"><a href=\"https:\/\/www.lienkalenka.sk\/zabudnuta-vojna-zabudnute-obete-orava-a-spis\/\" class=\"more-link\">Pre\u010d\u00edta\u0165<span class=\"screen-reader-text\"> &ldquo;Zabudnut\u00e1 vojna, zabudnut\u00e9 obete \u2013 Orava a Spi\u0161&rdquo;<\/span> &raquo;<\/a><\/p>","datePublished":"2025-02-26","dateModified":"2023-04-28","author":{"@type":"Person","@id":"https:\/\/www.lienkalenka.sk\/author\/#Person","name":"","url":"https:\/\/www.lienkalenka.sk\/author\/","identifier":1,"image":{"@type":"ImageObject","@id":"https:\/\/secure.gravatar.com\/avatar\/06eaac2906ebd8f5abb4917f3140de1503ec690466d6a69c4ec202bf5b15537c?s=96&d=mm&r=g","url":"https:\/\/secure.gravatar.com\/avatar\/06eaac2906ebd8f5abb4917f3140de1503ec690466d6a69c4ec202bf5b15537c?s=96&d=mm&r=g","height":96,"width":96}},"publisher":{"@type":"Organization","name":"lienkalenka.sk","logo":{"@type":"ImageObject","@id":"\/logo.png","url":"\/logo.png","width":600,"height":60}},"image":{"@type":"ImageObject","@id":"https:\/\/www.lienkalenka.sk\/wp-content\/uploads\/img_a284051_w2035_t1514555674.jpg","url":"https:\/\/www.lienkalenka.sk\/wp-content\/uploads\/img_a284051_w2035_t1514555674.jpg","height":0,"width":0},"url":"https:\/\/www.lienkalenka.sk\/zabudnuta-vojna-zabudnute-obete-orava-a-spis\/","about":["Spolo\u010dnos\u0165"],"wordCount":570,"articleBody":" Slovami M.V. Lomonosova: ,,N\u00e1rod, ktor\u00fd nepozn\u00e1 svoju minulos\u0165, nem\u00e1 bud\u00facnos\u0165.\u201c\u2013 \ud83d\ude09 S rozpadom \u010ceskoslovenska v roku 1938 sa n\u00e1m sp\u00e1ja Edvard Bene\u0161, ktor\u00fd spolu s vtedaj\u0161ou vl\u00e1dou prist\u00fapil na odovzdanie \u010dasti \u010ciech, Moravy a Sliezska Hitlerovej Nemeckej r\u00ed\u0161i. Pomenej sa u\u017e vie, \u017ee kr\u00e1tko na to prist\u00fapil spolu s vl\u00e1dou i na ultim\u00e1tum Po\u013eska, ktor\u00e9 po\u017eadovalo \u010das\u0165 Te\u0161\u00ednska, zn\u00e1mu ako Zaol\u017eie, \u010dasti Oravy, Spi\u0161a, Kys\u00fac a \u0160ari\u0161a. Av\u0161ak \u00faplne zmarginalizovan\u00fdm, na \u0161kol\u00e1ch nevyu\u010dovan\u00fdm, sa stal fakt, \u017ee ten ist\u00fd Edvard Bene\u0161n\u00e1s, v jeden hor\u00faci letn\u00fd de\u0148 \u201820, zbavil \u010dasti Oravy a Spi\u0161a \u2013 bez s\u00fahlasu \u010ds. parlamentu, bez vedomia a s\u00fahlasu miestneho obyvate\u013estva odovzdal Po\u013esku kus na\u0161ej rodnej hrudy. Darmo miestni \u013eudia spisovali pet\u00edcie, darmo sa zhroma\u017e\u010fovali na protest svojv\u00f4li p\u00e1na Bene\u0161a. V\u0161etko u\u017e bolo m\u00e1rne \u2013 stali sa,,neuvedomel\u00fdmi Poliakmi\u201c na juhu Po\u013eska, ak\u00fdmisi,,pobl\u00e1znen\u00fdmi po\u013esk\u00fdmi goralmi\u201c, ktor\u00ed sa ktovie pre\u010do hl\u00e1sia k slovenskej n\u00e1rodnosti a \u010deskoslovenskej \u0161t\u00e1tnosti&#8230; Dr\u017eme sa faktov: preva\u017en\u00fa v\u00e4\u010d\u0161inu Po\u013esku priznan\u00e9ho \u00fazemia ob\u00fdvali Gorali. T\u00fdch po\u013esk\u00e1 strana prezentovala ako Poliakov u\u017e\u00edvaj\u00facich goralsk\u00e9 n\u00e1re\u010dia \u2013 Gorali sa v\u0161ak hl\u00e1sili k slovenskej n\u00e1rodnosti a chceli prin\u00e1le\u017ea\u0165 k pr\u00e1ve vzniknuv\u0161iemu \u010cesko-Slovensku (nesk\u00f4r bol spojovn\u00edk odstr\u00e1nen\u00fd), \u010do d\u00e1vali jasne najavo \u2013 tzv. polonofilov bolo iba zanedbate\u013en\u00e9 mno\u017estvo, no pr\u00e1ve t\u00ed si hlasno vym\u00e1hali pripojenie slovensk\u00fdch \u00fazem\u00ed k Po\u013esku. Cel\u00fd probl\u00e9m by sa bol pravdepodobne vyrie\u0161il prostredn\u00edctvom jednoduch\u00e9ho,,NIE\u201c po\u013eskej vl\u00e1de: \u2022 preva\u017en\u00e1 v\u00e4\u010d\u0161ina obyvate\u013estva dotknut\u00fdch \u00fazem\u00ed bola za zotrvanie v \u010c-SR \u2022 v obdob\u00ed po\u013esk\u00e9ho besnenia sa u\u017e domov hojne vracali pr\u00edslu\u0161n\u00edci revolu\u010dn\u00fdch dobrovo\u013en\u00fdch vojsk, dnes zn\u00e1mych ako,,\u010ds. l\u00e9gie\u201c \u2022 Po\u013esko si mohlo dovoli\u0165 vy\u010dleni\u0165 nieko\u013eko \u00fatvarov na terorizovanie miestnych Slov\u00e1kov a na v\u0161eobecn\u00e9 demon\u0161trovanie sily v danej oblasti, no nebolo schopn\u00e9 prejs\u0165 z pohrani\u010dn\u00fdch incidentov do rozsiahleho vojnov\u00e9ho stretu, nako\u013eko bolo zamestnan\u00e9 vojnou so Sovietskym zv\u00e4zom, ktor\u00fd napadlo v roku 1919 Len\u017ee&#8230; 10. j\u00fala 1920 sa Edvard Bene\u0161, ako minister zahrani\u010dn\u00fdch vec\u00ed, dohodol s po\u013esk\u00fdm predsedom vl\u00e1dy W\u0142adys\u0142awom Grabskim na, pre Slovensko nev\u00fdhodnom, rie\u0161en\u00ed pohrani\u010dn\u00e9ho sporu o Oravu, Spi\u0161 a Te\u0161\u00ednske Sliezsko \u2013 \u010das\u0165 Slovenska vymenil tento mu\u017e za hospod\u00e1rsky d\u00f4le\u017eitej\u0161iu oblas\u0165 v Sliezsku s takou \u013eahkos\u0165ou, ako ke\u010f p\u00e1ni vymie\u0148ali svojich otrokov za dojnice \u010di statn\u00e9 kone \u2013 viac ako 25 tis\u00edc na\u0161incov i s na\u0161sk\u00fdmi krajmi vymenil Bene\u0161, bez s\u00fahlasu \u010ds. parlamentu \u010di dotknut\u00e9ho obyvate\u013estva, za te\u0161\u00ednske uhlie&#8230; Ani potom, \u010do bolo \u00fazemie pripojen\u00e9 k Po\u013esku, nemali Slov\u00e1ci na severn\u00fdch c\u00edpoch Slovenska pokoja: nastalo tvrd\u00e9 popo\u013e\u0161\u0165ovanie \u2013 poloniz\u00e1cia. Azda najlep\u0161ie to vidie\u0165 na nasledovnom pr\u00edklade: roku 1968 uvalil krakovsk\u00fd kardin\u00e1l Karol J\u00f3zef Wojty\u0142a, neskor\u0161\u00ed p\u00e1pe\u017e J\u00e1n Pavol II.,cirkevn\u00fa kliatbu na dve slovensk\u00e9 obce v Po\u013esku: Nov\u00fa Bel\u00fa a Krempachy. D\u00f4vod? Chceli aj! slovensk\u00fa liturgiu.                                                                                                                                                                                                                                                                                                                                                                                                 "},{"@context":"https:\/\/schema.org\/","@type":"BreadcrumbList","itemListElement":[{"@type":"ListItem","position":1,"name":"Zabudnut\u00e1 vojna, zabudnut\u00e9 obete \u2013 Orava a Spi\u0161","item":"https:\/\/www.lienkalenka.sk\/zabudnuta-vojna-zabudnute-obete-orava-a-spis\/#breadcrumbitem"}]}]