[{"@context":"https:\/\/schema.org\/","@type":"Article","@id":"https:\/\/www.lienkalenka.sk\/slovenski-motoristi-sa-mozu-tesit-konecne-spustili-predaj-seatu-tarraco-fr-aj-u-nas\/#Article","mainEntityOfPage":"https:\/\/www.lienkalenka.sk\/slovenski-motoristi-sa-mozu-tesit-konecne-spustili-predaj-seatu-tarraco-fr-aj-u-nas\/","headline":"Slovensk\u00ed motoristi sa m\u00f4\u017eu te\u0161i\u0165, kone\u010dne spustili predaj Seatu Tarraco FR aj u n\u00e1s","name":"Slovensk\u00ed motoristi sa m\u00f4\u017eu te\u0161i\u0165, kone\u010dne spustili predaj Seatu Tarraco FR aj u n\u00e1s","description":"2.marec 2020 je d\u0148om, kedy ofici\u00e1lne za\u010dal predaj modelu \u0161panielskej zna\u010dky Seat Tarraco FR a\u00a0toto najv\u00e4\u010d\u0161ie SUV z\u00a0tejto ponuky bude ma\u0165 teraz\u00a0 aj \u0161portov\u00fa verziu s\u00a0v\u00fdbavou FR. \u00a0 Dlho o\u010dak\u00e1van\u00fd model prich\u00e1dza Ve\u013ek\u00e9 SUV zna\u010dky Seat prich\u00e1dza s\u00a0novou charizmou, ktor\u00fa mu dod\u00e1vaj\u00fa upraven\u00e9 detaily na karos\u00e9rii a\u00a0tie\u017e vynoven\u00fd interi\u00e9r. Vonkaj\u0161\u00ed vzh\u013ead sa vyzna\u010duje \u0161pecifickou maskou...<p class=\"more-link-wrap\"><a href=\"https:\/\/www.lienkalenka.sk\/slovenski-motoristi-sa-mozu-tesit-konecne-spustili-predaj-seatu-tarraco-fr-aj-u-nas\/\" class=\"more-link\">Pre\u010d\u00edta\u0165<span class=\"screen-reader-text\"> &ldquo;Slovensk\u00ed motoristi sa m\u00f4\u017eu te\u0161i\u0165, kone\u010dne spustili predaj Seatu Tarraco FR aj u n\u00e1s&rdquo;<\/span> &raquo;<\/a><\/p>","datePublished":"2020-03-24","dateModified":"2023-04-28","author":{"@type":"Person","@id":"https:\/\/www.lienkalenka.sk\/author\/#Person","name":"","url":"https:\/\/www.lienkalenka.sk\/author\/","identifier":1,"image":{"@type":"ImageObject","@id":"https:\/\/secure.gravatar.com\/avatar\/06eaac2906ebd8f5abb4917f3140de1503ec690466d6a69c4ec202bf5b15537c?s=96&d=mm&r=g","url":"https:\/\/secure.gravatar.com\/avatar\/06eaac2906ebd8f5abb4917f3140de1503ec690466d6a69c4ec202bf5b15537c?s=96&d=mm&r=g","height":96,"width":96}},"publisher":{"@type":"Organization","name":"lienkalenka.sk","logo":{"@type":"ImageObject","@id":"\/logo.png","url":"\/logo.png","width":600,"height":60}},"image":{"@type":"ImageObject","@id":"https:\/\/www.lienkalenka.sk\/wp-content\/uploads\/img_a310690_w16904_t1583917649.jpg","url":"https:\/\/www.lienkalenka.sk\/wp-content\/uploads\/img_a310690_w16904_t1583917649.jpg","height":0,"width":0},"url":"https:\/\/www.lienkalenka.sk\/slovenski-motoristi-sa-mozu-tesit-konecne-spustili-predaj-seatu-tarraco-fr-aj-u-nas\/","about":["Auto"],"wordCount":369,"articleBody":"2.marec 2020 je d\u0148om, kedy ofici\u00e1lne za\u010dal predaj modelu \u0161panielskej zna\u010dky Seat Tarraco FR a\u00a0toto najv\u00e4\u010d\u0161ie SUV z\u00a0tejto ponuky bude ma\u0165 teraz\u00a0 aj \u0161portov\u00fa verziu s\u00a0v\u00fdbavou FR.\u00a0Dlho o\u010dak\u00e1van\u00fd model prich\u00e1dza Ve\u013ek\u00e9 SUV zna\u010dky Seat prich\u00e1dza s\u00a0novou charizmou, ktor\u00fa mu dod\u00e1vaj\u00fa upraven\u00e9 detaily na karos\u00e9rii a\u00a0tie\u017e vynoven\u00fd interi\u00e9r. Vonkaj\u0161\u00ed vzh\u013ead sa vyzna\u010duje \u0161pecifickou maskou chladi\u010da, m\u00e1 \u0161ir\u0161ie koles\u00e1, plastov\u00e9 lemy blatn\u00edkov s\u00fa roz\u0161\u00edren\u00e9, stre\u0161n\u00fd nosi\u010d v\u00a0podobe \u010diernych pozd\u013a\u017enych l\u00ed\u0161t, vonkaj\u0161ie sp\u00e4tn\u00e9 zrkadl\u00e1 maj\u00fa kryty, ktor\u00e9 s\u00fa nalakovan\u00e9 vo farbe Cosmo Grey. Zadn\u00e1 \u010das\u0165 karos\u00e9rie je vybaven\u00e1 spojlerom, ulo\u017een\u00fdm na hrane strechy, v\u00a0zadnom n\u00e1razn\u00edku je \u0161peci\u00e1lny dif\u00fazor, dvere bato\u017einov\u00e9ho priestoru s\u00fa ozdoben\u00e9 logom FR, n\u00e1zov Tarraco je nap\u00edsan\u00fd p\u00edsan\u00fdm fontom a\u00a0\u010dasom sa do v\u00fdbavy dostan\u00fa aj zadn\u00e9 skupinov\u00e9 svetl\u00e1\u00a0 prepojen\u00e9 navz\u00e1jom.\u00a0Nov\u00fd odtie\u0148 \u010dervenej K farb\u00e1m tohto modelu pribudne aj exkluz\u00edvny tmavo\u010derven\u00fd odtie\u0148 Merlot Red, do vzorkovn\u00edka sa \u00a0v\u0161ak dostane a\u017e niekedy v\u00a0j\u00fani tohto roka. Tento tmavo\u010derven\u00fd odtie\u0148 najv\u00e4\u010d\u0161iemu SUV Seatu doposia\u013e ch\u00fdbal. \u010eal\u0161ie vylep\u0161enia si m\u00f4\u017eu z\u00e1kazn\u00edci zvoli\u0165 sami. Napr\u00edklad 20 palcov\u00e9 disky na koles\u00e1 z\u00a0\u013eahkej zliatiny FR. Interi\u00e9r Tarraca FR je takisto \u0161pecifick\u00fd. Niektor\u00e9 prvky s\u00fa nov\u00e9 a\u00a0nimi ho odli\u0161uj\u00fa od be\u017enej v\u00fdbavy. Patr\u00ed tam napr\u00edklad \u0161portov\u00fd volant, multifunk\u010dn\u00fd, ko\u017een\u00fd, opatren\u00fd logom FR, infotainment s 9,2- palcov\u00fdm displejom, ped\u00e1ly z\u00a0hlin\u00edka, sedadl\u00e1 v\u00a0\u0161krupinovej \u0161portovej verzii s\u00a0pam\u00e4\u0165ou a mo\u017enos\u0165ou elektrick\u00e9ho nastavovania.\u00a0Mnoh\u00e9 zauj\u00edmav\u00e9 benefityNa Slovensku bude tento model v\u00a0predaji za cenu od 31\u00a0480 eur, k\u00a0tomu bude gr\u00e1tis bal\u00edk Premium, ktor\u00e9ho hodnota je 1 329 eur a\u00a0tie\u017e s\u00fa v\u00a0ponuke pr\u00e9miov\u00e9 slu\u017eby ako 6-ro\u010dn\u00e1 pred\u013a\u017een\u00e1 z\u00e1ruka (variant je 150- tis\u00edc kilometrov), servisn\u00e9 prehliadky a\u017e na \u0161tyri roky (alebo 80-tis\u00edc km) zadarmo bez \u00fa\u010dtovania materi\u00e1lu a\u00a0pr\u00e1ce.\u00a0 Z\u00e1ujemcovia sa teda maj\u00fa na \u010do te\u0161i\u0165.                                                                                                                                                                                                                                                                                                                                                                                                "},{"@context":"https:\/\/schema.org\/","@type":"BreadcrumbList","itemListElement":[{"@type":"ListItem","position":1,"name":"Slovensk\u00ed motoristi sa m\u00f4\u017eu te\u0161i\u0165, kone\u010dne spustili predaj Seatu Tarraco FR aj u n\u00e1s","item":"https:\/\/www.lienkalenka.sk\/slovenski-motoristi-sa-mozu-tesit-konecne-spustili-predaj-seatu-tarraco-fr-aj-u-nas\/#breadcrumbitem"}]}]