[{"@context":"https:\/\/schema.org\/","@type":"Article","@id":"https:\/\/www.lienkalenka.sk\/a-co-by-nam-nemalo-rozhodne-chybat-no-predsa-konferencny-stolik\/#Article","mainEntityOfPage":"https:\/\/www.lienkalenka.sk\/a-co-by-nam-nemalo-rozhodne-chybat-no-predsa-konferencny-stolik\/","headline":"A \u010do by n\u00e1m nemalo rozhodne ch\u00fdba\u0165? No predsa konferen\u010dn\u00fd stol\u00edk!","name":"A \u010do by n\u00e1m nemalo rozhodne ch\u00fdba\u0165? No predsa konferen\u010dn\u00fd stol\u00edk!","description":"Je to ako funk\u010dn\u00e1, tak aj dizajnov\u00e1 z\u00e1le\u017eitos\u0165. Konferen\u010dn\u00e9 stol\u00edky sa hodia ku ka\u017edej sedacej s\u00faprave a na v\u00fdber m\u00e1me naozaj z mnoh\u00fdch materi\u00e1lov a preveden\u00ed. Rozmery musia vych\u00e1dza\u0165 z va\u0161ich priestorov\u00fdch mo\u017enost\u00ed a stol\u00edk by mal dokonale sadn\u00fa\u0165 k va\u0161ej sedacej s\u00faprave, preto\u017ee s \u0148ou bude tvori\u0165 jeden nedelite\u013en\u00fd celok.Ide\u00e1lna v\u00fd\u0161ka by mala by\u0165...<p class=\"more-link-wrap\"><a href=\"https:\/\/www.lienkalenka.sk\/a-co-by-nam-nemalo-rozhodne-chybat-no-predsa-konferencny-stolik\/\" class=\"more-link\">Pre\u010d\u00edta\u0165<span class=\"screen-reader-text\"> &ldquo;A \u010do by n\u00e1m nemalo rozhodne ch\u00fdba\u0165? No predsa konferen\u010dn\u00fd stol\u00edk!&rdquo;<\/span> &raquo;<\/a><\/p>","datePublished":"2017-01-27","dateModified":"2023-04-28","author":{"@type":"Person","@id":"https:\/\/www.lienkalenka.sk\/author\/#Person","name":"","url":"https:\/\/www.lienkalenka.sk\/author\/","identifier":1,"image":{"@type":"ImageObject","@id":"https:\/\/secure.gravatar.com\/avatar\/06eaac2906ebd8f5abb4917f3140de1503ec690466d6a69c4ec202bf5b15537c?s=96&d=mm&r=g","url":"https:\/\/secure.gravatar.com\/avatar\/06eaac2906ebd8f5abb4917f3140de1503ec690466d6a69c4ec202bf5b15537c?s=96&d=mm&r=g","height":96,"width":96}},"publisher":{"@type":"Organization","name":"lienkalenka.sk","logo":{"@type":"ImageObject","@id":"\/logo.png","url":"\/logo.png","width":600,"height":60}},"image":{"@type":"ImageObject","@id":"https:\/\/www.lienkalenka.sk\/wp-content\/uploads\/img_a280012_w2038_t1490612794.jpg","url":"https:\/\/www.lienkalenka.sk\/wp-content\/uploads\/img_a280012_w2038_t1490612794.jpg","height":0,"width":0},"url":"https:\/\/www.lienkalenka.sk\/a-co-by-nam-nemalo-rozhodne-chybat-no-predsa-konferencny-stolik\/","about":["Nakupovanie"],"wordCount":427,"articleBody":" Je to ako funk\u010dn\u00e1, tak aj dizajnov\u00e1 z\u00e1le\u017eitos\u0165. Konferen\u010dn\u00e9 stol\u00edky sa hodia ku ka\u017edej sedacej s\u00faprave a na v\u00fdber m\u00e1me naozaj z mnoh\u00fdch materi\u00e1lov a preveden\u00ed. Rozmery musia vych\u00e1dza\u0165 z va\u0161ich priestorov\u00fdch mo\u017enost\u00ed a stol\u00edk by mal dokonale sadn\u00fa\u0165 k va\u0161ej sedacej s\u00faprave, preto\u017ee s \u0148ou bude tvori\u0165 jeden nedelite\u013en\u00fd celok.Ide\u00e1lna v\u00fd\u0161ka by mala by\u0165 okolo 45 centimetrov. Skr\u00e1tka mala by zodpoveda\u0165 v\u00fd\u0161ke sedenia. Na seda\u010dk\u00e1ch sa v\u00e4\u010d\u0161inou sed\u00ed v z\u00e1klone, tam kde je hlbok\u00fd sed vzpriamen\u00fd, m\u00f4\u017eete voli\u0165 ni\u017e\u0161\u00ed variant. Budete na nich vklada\u0165 hromadu drobnost\u00ed, preto by ste mali myslie\u0165 aj na ide\u00e1lnu ve\u013ekos\u0165 plochy hornej dosky. Tak budete ma\u0165 v\u017edy v\u0161etko po ruke. Naj\u010dastej\u0161ie tu kon\u010dia knihy, \u010dasopisy, telev\u00edzne ovl\u00e1da\u010de, mobily alebo aj drobn\u00e9 ob\u010derstvenie. Pokia\u013e m\u00e1te u\u017e v\u00e4\u010d\u0161ie deti, kon\u010dia tu v\u00e4\u010d\u0161inou aj nejak\u00e9 dekor\u00e1cie, ktor\u00e9 tvoria dokonal\u00fd \u0161t\u00fdl celej ob\u00fdvacej izby. Samozrejme ni\u010d sa nem\u00e1 preh\u00e1\u0148a\u0165, d\u013a\u017eka by nemala by\u0165 v\u00e4\u010d\u0161ia ako 76 centimetrov. \u010co sa t\u00fdka \u0161t\u00fdlu a materi\u00e1lu, to v\u0161etko je \u00faplne vo va\u0161ej r\u00e9\u017eii. Niekto ned\u00e1 dopusti\u0165 na klasiku, ktorou je bezo sporu dreven\u00fd n\u00e1bytok. Ak patr\u00edte medzi milovn\u00edkov skla, m\u00f4\u017eete si dopria\u0165 pr\u00e1ve tento krehk\u00fd doplnok, ktor\u00fd je v poslednej dobe hitom. Tie\u017e je ve\u013emi ob\u013e\u00faben\u00fd lakovan\u00fd kov v kombin\u00e1cii so sklom alebo drevom. Medzi materi\u00e1lmi je \u010falej zast\u00fapen\u00fd aj plast alebo le\u0161ten\u00fd hlin\u00edk s r\u00f4znou farebnou povrchovou \u00fapravou. Alebo stavte na nie\u010do modern\u00e9ho a netradi\u010dn\u00e9ho. Ve\u010f aj tvary a farby m\u00f4\u017eu by\u0165 r\u00f4znorod\u00e9. \u010co napr\u00edklad ov\u00e1l alebo kruh? V dne\u0161nej dobe s\u00fa dokonca ve\u013emi \u017eiadan\u00e9 stol\u00edky, ktor\u00e9 sa daj\u00fa pohodlne zasun\u00fa\u0165 z v\u00e4\u010d\u0161ej \u010dasti pod pohovku alebo kreslo. Potom si sem m\u00f4\u017eete odlo\u017ei\u0165 notebook alebo tablet. Ja osobne d\u00e1vam prednos\u0165 klasike, ktorou je pre m\u0148a svetl\u00e9 drevo. Ale keby som nemala u\u017e tak mal\u00e9 deti, rozhodne by som i\u0161la do varianty oh\u00fdban\u00e9ho skla, ktor\u00e9 vyzer\u00e1 jednoducho \u00fa\u017easne. Len je treba ho udr\u017eiava\u0165 lebo na \u0148om uvid\u00edte ka\u017ed\u00fd odtla\u010dok. Mo\u017eno to je pre n\u00e1s hudba bud\u00facnosti. Nechajte sa in\u0161pirova\u0165 na webov\u00fdch str\u00e1nkach s n\u00e1bytkom, kde n\u00e1jdete skuto\u010dn\u00e9 klenoty.                                                                                                                                                                                                                                                                                                                                                                                                "},{"@context":"https:\/\/schema.org\/","@type":"BreadcrumbList","itemListElement":[{"@type":"ListItem","position":1,"name":"A \u010do by n\u00e1m nemalo rozhodne ch\u00fdba\u0165? No predsa konferen\u010dn\u00fd stol\u00edk!","item":"https:\/\/www.lienkalenka.sk\/a-co-by-nam-nemalo-rozhodne-chybat-no-predsa-konferencny-stolik\/#breadcrumbitem"}]}]